{"id":172,"date":"2021-10-14T13:23:52","date_gmt":"2021-10-14T13:23:52","guid":{"rendered":"https:\/\/www.staynordic.se\/inspiration\/?p=172"},"modified":"2021-10-15T08:53:33","modified_gmt":"2021-10-15T08:53:33","slug":"staynordic-i-samarbete-med-europeiska-erv","status":"publish","type":"post","link":"https:\/\/www.staynordic.se\/inspiration\/staynordic-i-samarbete-med-europeiska-erv\/","title":{"rendered":"StayNordic i samarbete med Europeiska &#8211; ERV"},"content":{"rendered":"\n<h3 class=\"has-text-align-center wp-block-heading\">Som extra trygghet f\u00f6r dig som g\u00e4st erbjuder StayNordic via Europeiska ERV m\u00f6jligheten att k\u00f6pa till ett avbest\u00e4llningsskydd.<\/h3>\n\n\n\n<p>Detta skyddar dig och samtliga personer i bokningen mot of\u00f6rutsedda h\u00e4ndelser s\u00e5som:<\/p>\n\n\n\n<ul class=\"wp-block-list\"><li>Sjukdom<\/li><li>Olycksfall<\/li><li>Indragen semester<\/li><li>Upps\u00e4gning<\/li><li>Vattenl\u00e4cka i ert hus<\/li><li>Husdjur som blivit sjuk<\/li><\/ul>\n\n\n\n<p>Varje anledning skall kunna styrkas med intyg fr\u00e5n exempelvis: l\u00e4kare, arbetsgivare, polis eller annan opartisk person.<\/p>\n\n\n\n<p>De finns \u00e4ven ett extra skydd f\u00f6r omst\u00e4ndigheter r\u00f6rande covid-19:<\/p>\n\n\n\n<ul class=\"wp-block-list\"><li>Du kan avboka resan om du som kund sj\u00e4lv eller n\u00e5gon av de medf\u00f6rs\u00e4krad insjuknar i covid-19.<\/li><li>Du kan avboka om en n\u00e4ra familjemedlem blir akut sjuk i covid-19 och inlagd p\u00e5 sjukhus i minst tre dagar och det \u00e4r i direkt n\u00e4rtid till ankomstdatum.<\/li><li>I b\u00e5da fall skall detta kunna styrkas med l\u00e4karintyg<\/li><\/ul>\n\n\n\n<p>Pris f\u00f6r avbest\u00e4llningsskydd \u00e4r p\u00e5 6,25 % av total priset f\u00f6r din bokning och kan k\u00f6pas till senast 2 dagar efter att slutbetalning av bokningen har genomf\u00f6rts.<\/p>\n\n\n\n<p>F\u00f6r mer information, prisuppgift, avtalsvillkor och bokning klicka <a href=\"https:\/\/www.erv.se\/agents\/3501362\/\" target=\"_blank\" rel=\"noreferrer noopener\">H\u00c4R<\/a><\/p>\n\n\n\n<p>Vid fr\u00e5gor \u00e4r du v\u00e4lkommen att kontakta oss antingen via mail: <a href=\"mailto:hello@staynordic.se\" target=\"_blank\" rel=\"noreferrer noopener\">hello@staynordic.se<\/a> eller telefon: 031 &#8211; 22 33 00<\/p>\n","protected":false},"excerpt":{"rendered":"<p>Som extra trygghet f\u00f6r dig som g\u00e4st erbjuder StayNordic via Europeiska ERV m\u00f6jligheten att k\u00f6pa till ett avbest\u00e4llningsskydd. Detta skyddar&#8230;<\/p>\n","protected":false},"author":2,"featured_media":176,"comment_status":"open","ping_status":"open","sticky":false,"template":"","format":"standard","meta":{"footnotes":""},"categories":[19],"tags":[21,22,24,23],"class_list":["post-172","post","type-post","status-publish","format-standard","has-post-thumbnail","hentry","category-nyheter","tag-avbestallningsskydd","tag-forsakring","tag-skydd-covid-19","tag-stugor-i-sverige"],"yoast_head":"<!-- This site is optimized with the Yoast SEO plugin v27.4 - https:\/\/yoast.com\/product\/yoast-seo-wordpress\/ -->\n<title>StayNordic i samarbete med Europeiska - ERV - Blog<\/title>\n<meta name=\"robots\" content=\"index, follow, max-snippet:-1, max-image-preview:large, max-video-preview:-1\" \/>\n<link rel=\"canonical\" href=\"https:\/\/www.staynordic.se\/inspiration\/staynordic-i-samarbete-med-europeiska-erv\/\" \/>\n<meta property=\"og:locale\" content=\"sv_SE\" \/>\n<meta property=\"og:type\" content=\"article\" \/>\n<meta property=\"og:title\" content=\"StayNordic i samarbete med Europeiska - ERV - Blog\" \/>\n<meta property=\"og:description\" content=\"Som extra trygghet f\u00f6r dig som g\u00e4st erbjuder StayNordic via Europeiska ERV m\u00f6jligheten att k\u00f6pa till ett avbest\u00e4llningsskydd. Detta skyddar...\" \/>\n<meta property=\"og:url\" content=\"https:\/\/www.staynordic.se\/inspiration\/staynordic-i-samarbete-med-europeiska-erv\/\" \/>\n<meta property=\"og:site_name\" content=\"Blog\" \/>\n<meta property=\"article:published_time\" content=\"2021-10-14T13:23:52+00:00\" \/>\n<meta property=\"article:modified_time\" content=\"2021-10-15T08:53:33+00:00\" \/>\n<meta property=\"og:image\" content=\"https:\/\/www.staynordic.se\/inspiration\/wp-content\/uploads\/2021\/10\/stil-TVllFyGaLEA-unsplash-min-scaled.jpg\" \/>\n\t<meta property=\"og:image:width\" content=\"1696\" \/>\n\t<meta property=\"og:image:height\" content=\"2560\" \/>\n\t<meta property=\"og:image:type\" content=\"image\/jpeg\" \/>\n<meta name=\"author\" content=\"staynordic\" \/>\n<meta name=\"twitter:card\" content=\"summary_large_image\" \/>\n<meta name=\"twitter:label1\" content=\"Skriven av\" \/>\n\t<meta name=\"twitter:data1\" content=\"staynordic\" \/>\n\t<meta name=\"twitter:label2\" content=\"Ber\u00e4knad l\u00e4stid\" \/>\n\t<meta name=\"twitter:data2\" content=\"1 minut\" \/>\n<script type=\"application\/ld+json\" class=\"yoast-schema-graph\">{\"@context\":\"https:\\\/\\\/schema.org\",\"@graph\":[{\"@type\":\"Article\",\"@id\":\"https:\\\/\\\/www.staynordic.se\\\/inspiration\\\/staynordic-i-samarbete-med-europeiska-erv\\\/#article\",\"isPartOf\":{\"@id\":\"https:\\\/\\\/www.staynordic.se\\\/inspiration\\\/staynordic-i-samarbete-med-europeiska-erv\\\/\"},\"author\":{\"name\":\"staynordic\",\"@id\":\"https:\\\/\\\/www.staynordic.se\\\/inspiration\\\/#\\\/schema\\\/person\\\/9c3033dcb184153f9d6ef97581f873aa\"},\"headline\":\"StayNordic i samarbete med Europeiska &#8211; ERV\",\"datePublished\":\"2021-10-14T13:23:52+00:00\",\"dateModified\":\"2021-10-15T08:53:33+00:00\",\"mainEntityOfPage\":{\"@id\":\"https:\\\/\\\/www.staynordic.se\\\/inspiration\\\/staynordic-i-samarbete-med-europeiska-erv\\\/\"},\"wordCount\":212,\"commentCount\":0,\"image\":{\"@id\":\"https:\\\/\\\/www.staynordic.se\\\/inspiration\\\/staynordic-i-samarbete-med-europeiska-erv\\\/#primaryimage\"},\"thumbnailUrl\":\"https:\\\/\\\/www.staynordic.se\\\/inspiration\\\/wp-content\\\/uploads\\\/2021\\\/10\\\/stil-TVllFyGaLEA-unsplash-min-scaled.jpg\",\"keywords\":[\"Avbest\u00e4llningsskydd\",\"F\u00f6rs\u00e4kring\",\"Skydd Covid-19\",\"Stugor i sverige\"],\"articleSection\":[\"Nyheter\"],\"inLanguage\":\"sv-SE\",\"potentialAction\":[{\"@type\":\"CommentAction\",\"name\":\"Comment\",\"target\":[\"https:\\\/\\\/www.staynordic.se\\\/inspiration\\\/staynordic-i-samarbete-med-europeiska-erv\\\/#respond\"]}]},{\"@type\":\"WebPage\",\"@id\":\"https:\\\/\\\/www.staynordic.se\\\/inspiration\\\/staynordic-i-samarbete-med-europeiska-erv\\\/\",\"url\":\"https:\\\/\\\/www.staynordic.se\\\/inspiration\\\/staynordic-i-samarbete-med-europeiska-erv\\\/\",\"name\":\"StayNordic i samarbete med Europeiska - ERV - Blog\",\"isPartOf\":{\"@id\":\"https:\\\/\\\/www.staynordic.se\\\/inspiration\\\/#website\"},\"primaryImageOfPage\":{\"@id\":\"https:\\\/\\\/www.staynordic.se\\\/inspiration\\\/staynordic-i-samarbete-med-europeiska-erv\\\/#primaryimage\"},\"image\":{\"@id\":\"https:\\\/\\\/www.staynordic.se\\\/inspiration\\\/staynordic-i-samarbete-med-europeiska-erv\\\/#primaryimage\"},\"thumbnailUrl\":\"https:\\\/\\\/www.staynordic.se\\\/inspiration\\\/wp-content\\\/uploads\\\/2021\\\/10\\\/stil-TVllFyGaLEA-unsplash-min-scaled.jpg\",\"datePublished\":\"2021-10-14T13:23:52+00:00\",\"dateModified\":\"2021-10-15T08:53:33+00:00\",\"author\":{\"@id\":\"https:\\\/\\\/www.staynordic.se\\\/inspiration\\\/#\\\/schema\\\/person\\\/9c3033dcb184153f9d6ef97581f873aa\"},\"breadcrumb\":{\"@id\":\"https:\\\/\\\/www.staynordic.se\\\/inspiration\\\/staynordic-i-samarbete-med-europeiska-erv\\\/#breadcrumb\"},\"inLanguage\":\"sv-SE\",\"potentialAction\":[{\"@type\":\"ReadAction\",\"target\":[\"https:\\\/\\\/www.staynordic.se\\\/inspiration\\\/staynordic-i-samarbete-med-europeiska-erv\\\/\"]}]},{\"@type\":\"ImageObject\",\"inLanguage\":\"sv-SE\",\"@id\":\"https:\\\/\\\/www.staynordic.se\\\/inspiration\\\/staynordic-i-samarbete-med-europeiska-erv\\\/#primaryimage\",\"url\":\"https:\\\/\\\/www.staynordic.se\\\/inspiration\\\/wp-content\\\/uploads\\\/2021\\\/10\\\/stil-TVllFyGaLEA-unsplash-min-scaled.jpg\",\"contentUrl\":\"https:\\\/\\\/www.staynordic.se\\\/inspiration\\\/wp-content\\\/uploads\\\/2021\\\/10\\\/stil-TVllFyGaLEA-unsplash-min-scaled.jpg\",\"width\":1696,\"height\":2560},{\"@type\":\"BreadcrumbList\",\"@id\":\"https:\\\/\\\/www.staynordic.se\\\/inspiration\\\/staynordic-i-samarbete-med-europeiska-erv\\\/#breadcrumb\",\"itemListElement\":[{\"@type\":\"ListItem\",\"position\":1,\"name\":\"Home\",\"item\":\"https:\\\/\\\/www.staynordic.se\\\/inspiration\\\/\"},{\"@type\":\"ListItem\",\"position\":2,\"name\":\"StayNordic i samarbete med Europeiska &#8211; ERV\"}]},{\"@type\":\"WebSite\",\"@id\":\"https:\\\/\\\/www.staynordic.se\\\/inspiration\\\/#website\",\"url\":\"https:\\\/\\\/www.staynordic.se\\\/inspiration\\\/\",\"name\":\"Blog\",\"description\":\"StayNordic\",\"potentialAction\":[{\"@type\":\"SearchAction\",\"target\":{\"@type\":\"EntryPoint\",\"urlTemplate\":\"https:\\\/\\\/www.staynordic.se\\\/inspiration\\\/?s={search_term_string}\"},\"query-input\":{\"@type\":\"PropertyValueSpecification\",\"valueRequired\":true,\"valueName\":\"search_term_string\"}}],\"inLanguage\":\"sv-SE\"},{\"@type\":\"Person\",\"@id\":\"https:\\\/\\\/www.staynordic.se\\\/inspiration\\\/#\\\/schema\\\/person\\\/9c3033dcb184153f9d6ef97581f873aa\",\"name\":\"staynordic\",\"image\":{\"@type\":\"ImageObject\",\"inLanguage\":\"sv-SE\",\"@id\":\"https:\\\/\\\/secure.gravatar.com\\\/avatar\\\/296a1c76b74beb4ff0d8c110f864c6e9ad0452ac2749bca077a5432a9d7fb4f9?s=96&d=mm&r=g\",\"url\":\"https:\\\/\\\/secure.gravatar.com\\\/avatar\\\/296a1c76b74beb4ff0d8c110f864c6e9ad0452ac2749bca077a5432a9d7fb4f9?s=96&d=mm&r=g\",\"contentUrl\":\"https:\\\/\\\/secure.gravatar.com\\\/avatar\\\/296a1c76b74beb4ff0d8c110f864c6e9ad0452ac2749bca077a5432a9d7fb4f9?s=96&d=mm&r=g\",\"caption\":\"staynordic\"},\"url\":\"https:\\\/\\\/www.staynordic.se\\\/inspiration\\\/author\\\/staynordic\\\/\"}]}<\/script>\n<!-- \/ Yoast SEO plugin. -->","yoast_head_json":{"title":"StayNordic i samarbete med Europeiska - ERV - Blog","robots":{"index":"index","follow":"follow","max-snippet":"max-snippet:-1","max-image-preview":"max-image-preview:large","max-video-preview":"max-video-preview:-1"},"canonical":"https:\/\/www.staynordic.se\/inspiration\/staynordic-i-samarbete-med-europeiska-erv\/","og_locale":"sv_SE","og_type":"article","og_title":"StayNordic i samarbete med Europeiska - ERV - Blog","og_description":"Som extra trygghet f\u00f6r dig som g\u00e4st erbjuder StayNordic via Europeiska ERV m\u00f6jligheten att k\u00f6pa till ett avbest\u00e4llningsskydd. Detta skyddar...","og_url":"https:\/\/www.staynordic.se\/inspiration\/staynordic-i-samarbete-med-europeiska-erv\/","og_site_name":"Blog","article_published_time":"2021-10-14T13:23:52+00:00","article_modified_time":"2021-10-15T08:53:33+00:00","og_image":[{"width":1696,"height":2560,"url":"https:\/\/www.staynordic.se\/inspiration\/wp-content\/uploads\/2021\/10\/stil-TVllFyGaLEA-unsplash-min-scaled.jpg","type":"image\/jpeg"}],"author":"staynordic","twitter_card":"summary_large_image","twitter_misc":{"Skriven av":"staynordic","Ber\u00e4knad l\u00e4stid":"1 minut"},"schema":{"@context":"https:\/\/schema.org","@graph":[{"@type":"Article","@id":"https:\/\/www.staynordic.se\/inspiration\/staynordic-i-samarbete-med-europeiska-erv\/#article","isPartOf":{"@id":"https:\/\/www.staynordic.se\/inspiration\/staynordic-i-samarbete-med-europeiska-erv\/"},"author":{"name":"staynordic","@id":"https:\/\/www.staynordic.se\/inspiration\/#\/schema\/person\/9c3033dcb184153f9d6ef97581f873aa"},"headline":"StayNordic i samarbete med Europeiska &#8211; ERV","datePublished":"2021-10-14T13:23:52+00:00","dateModified":"2021-10-15T08:53:33+00:00","mainEntityOfPage":{"@id":"https:\/\/www.staynordic.se\/inspiration\/staynordic-i-samarbete-med-europeiska-erv\/"},"wordCount":212,"commentCount":0,"image":{"@id":"https:\/\/www.staynordic.se\/inspiration\/staynordic-i-samarbete-med-europeiska-erv\/#primaryimage"},"thumbnailUrl":"https:\/\/www.staynordic.se\/inspiration\/wp-content\/uploads\/2021\/10\/stil-TVllFyGaLEA-unsplash-min-scaled.jpg","keywords":["Avbest\u00e4llningsskydd","F\u00f6rs\u00e4kring","Skydd Covid-19","Stugor i sverige"],"articleSection":["Nyheter"],"inLanguage":"sv-SE","potentialAction":[{"@type":"CommentAction","name":"Comment","target":["https:\/\/www.staynordic.se\/inspiration\/staynordic-i-samarbete-med-europeiska-erv\/#respond"]}]},{"@type":"WebPage","@id":"https:\/\/www.staynordic.se\/inspiration\/staynordic-i-samarbete-med-europeiska-erv\/","url":"https:\/\/www.staynordic.se\/inspiration\/staynordic-i-samarbete-med-europeiska-erv\/","name":"StayNordic i samarbete med Europeiska - ERV - Blog","isPartOf":{"@id":"https:\/\/www.staynordic.se\/inspiration\/#website"},"primaryImageOfPage":{"@id":"https:\/\/www.staynordic.se\/inspiration\/staynordic-i-samarbete-med-europeiska-erv\/#primaryimage"},"image":{"@id":"https:\/\/www.staynordic.se\/inspiration\/staynordic-i-samarbete-med-europeiska-erv\/#primaryimage"},"thumbnailUrl":"https:\/\/www.staynordic.se\/inspiration\/wp-content\/uploads\/2021\/10\/stil-TVllFyGaLEA-unsplash-min-scaled.jpg","datePublished":"2021-10-14T13:23:52+00:00","dateModified":"2021-10-15T08:53:33+00:00","author":{"@id":"https:\/\/www.staynordic.se\/inspiration\/#\/schema\/person\/9c3033dcb184153f9d6ef97581f873aa"},"breadcrumb":{"@id":"https:\/\/www.staynordic.se\/inspiration\/staynordic-i-samarbete-med-europeiska-erv\/#breadcrumb"},"inLanguage":"sv-SE","potentialAction":[{"@type":"ReadAction","target":["https:\/\/www.staynordic.se\/inspiration\/staynordic-i-samarbete-med-europeiska-erv\/"]}]},{"@type":"ImageObject","inLanguage":"sv-SE","@id":"https:\/\/www.staynordic.se\/inspiration\/staynordic-i-samarbete-med-europeiska-erv\/#primaryimage","url":"https:\/\/www.staynordic.se\/inspiration\/wp-content\/uploads\/2021\/10\/stil-TVllFyGaLEA-unsplash-min-scaled.jpg","contentUrl":"https:\/\/www.staynordic.se\/inspiration\/wp-content\/uploads\/2021\/10\/stil-TVllFyGaLEA-unsplash-min-scaled.jpg","width":1696,"height":2560},{"@type":"BreadcrumbList","@id":"https:\/\/www.staynordic.se\/inspiration\/staynordic-i-samarbete-med-europeiska-erv\/#breadcrumb","itemListElement":[{"@type":"ListItem","position":1,"name":"Home","item":"https:\/\/www.staynordic.se\/inspiration\/"},{"@type":"ListItem","position":2,"name":"StayNordic i samarbete med Europeiska &#8211; ERV"}]},{"@type":"WebSite","@id":"https:\/\/www.staynordic.se\/inspiration\/#website","url":"https:\/\/www.staynordic.se\/inspiration\/","name":"Blog","description":"StayNordic","potentialAction":[{"@type":"SearchAction","target":{"@type":"EntryPoint","urlTemplate":"https:\/\/www.staynordic.se\/inspiration\/?s={search_term_string}"},"query-input":{"@type":"PropertyValueSpecification","valueRequired":true,"valueName":"search_term_string"}}],"inLanguage":"sv-SE"},{"@type":"Person","@id":"https:\/\/www.staynordic.se\/inspiration\/#\/schema\/person\/9c3033dcb184153f9d6ef97581f873aa","name":"staynordic","image":{"@type":"ImageObject","inLanguage":"sv-SE","@id":"https:\/\/secure.gravatar.com\/avatar\/296a1c76b74beb4ff0d8c110f864c6e9ad0452ac2749bca077a5432a9d7fb4f9?s=96&d=mm&r=g","url":"https:\/\/secure.gravatar.com\/avatar\/296a1c76b74beb4ff0d8c110f864c6e9ad0452ac2749bca077a5432a9d7fb4f9?s=96&d=mm&r=g","contentUrl":"https:\/\/secure.gravatar.com\/avatar\/296a1c76b74beb4ff0d8c110f864c6e9ad0452ac2749bca077a5432a9d7fb4f9?s=96&d=mm&r=g","caption":"staynordic"},"url":"https:\/\/www.staynordic.se\/inspiration\/author\/staynordic\/"}]}},"_links":{"self":[{"href":"https:\/\/www.staynordic.se\/inspiration\/wp-json\/wp\/v2\/posts\/172","targetHints":{"allow":["GET"]}}],"collection":[{"href":"https:\/\/www.staynordic.se\/inspiration\/wp-json\/wp\/v2\/posts"}],"about":[{"href":"https:\/\/www.staynordic.se\/inspiration\/wp-json\/wp\/v2\/types\/post"}],"author":[{"embeddable":true,"href":"https:\/\/www.staynordic.se\/inspiration\/wp-json\/wp\/v2\/users\/2"}],"replies":[{"embeddable":true,"href":"https:\/\/www.staynordic.se\/inspiration\/wp-json\/wp\/v2\/comments?post=172"}],"version-history":[{"count":2,"href":"https:\/\/www.staynordic.se\/inspiration\/wp-json\/wp\/v2\/posts\/172\/revisions"}],"predecessor-version":[{"id":189,"href":"https:\/\/www.staynordic.se\/inspiration\/wp-json\/wp\/v2\/posts\/172\/revisions\/189"}],"wp:featuredmedia":[{"embeddable":true,"href":"https:\/\/www.staynordic.se\/inspiration\/wp-json\/wp\/v2\/media\/176"}],"wp:attachment":[{"href":"https:\/\/www.staynordic.se\/inspiration\/wp-json\/wp\/v2\/media?parent=172"}],"wp:term":[{"taxonomy":"category","embeddable":true,"href":"https:\/\/www.staynordic.se\/inspiration\/wp-json\/wp\/v2\/categories?post=172"},{"taxonomy":"post_tag","embeddable":true,"href":"https:\/\/www.staynordic.se\/inspiration\/wp-json\/wp\/v2\/tags?post=172"}],"curies":[{"name":"wp","href":"https:\/\/api.w.org\/{rel}","templated":true}]}}