{"id":236,"date":"2022-12-13T10:55:25","date_gmt":"2022-12-13T10:55:25","guid":{"rendered":"https:\/\/www.staynordic.se\/inspiration\/?p=236"},"modified":"2022-12-21T15:00:02","modified_gmt":"2022-12-21T15:00:02","slug":"stugor-i-fjallvarlden-for-skidsemester-sommaren","status":"publish","type":"post","link":"https:\/\/www.staynordic.se\/inspiration\/stugor-i-fjallvarlden-for-skidsemester-sommaren\/","title":{"rendered":"<strong>Stugor i fj\u00e4llv\u00e4rlden f\u00f6r skidsemester &amp; sommaren<\/strong>"},"content":{"rendered":"\n<p><em>Svenska fj\u00e4ll har n\u00e5got alldeles speciellt och lockar m\u00e5nga bes\u00f6kare varje \u00e5r! &nbsp;Skidsemestrar i S\u00e4len \u00e4r ett exempel p\u00e5 en klassiker och p\u00e5 senaste tiden har \u00e4ven allt fler uppt\u00e4ckt fj\u00e4llens charm under sommaren. N\u00e4r du v\u00e4ljer att hyra stuga i fj\u00e4llen f\u00f6r din n\u00e4sta semester kan du boka n\u00e5got av StayNordics stugor eller boenden. &nbsp;<\/em><\/p>\n\n\n\n<h2 class=\"wp-block-heading\">Semester i S\u00e4len<\/h2>\n\n\n\n<figure class=\"wp-block-image size-large\"><img loading=\"lazy\" decoding=\"async\" width=\"1024\" height=\"630\" src=\"https:\/\/www.staynordic.se\/inspiration\/wp-content\/uploads\/2022\/12\/IMG-20220511-WA0009-1024x630.jpg\" alt=\"\" class=\"wp-image-240\"\/><figcaption class=\"wp-element-caption\"><a href=\"https:\/\/www.staynordic.se\/uthyrning\/stuga-salen-mysig-stuga-med-bastu-i-tandadalen-salen-se19025-395281.html\" target=\"_blank\" rel=\"noreferrer noopener\">Stuga vid Tand\u00e5dalen, S\u00e4len | SE19025<\/a><\/figcaption><\/figure>\n\n\n\n<p><strong>Hyra stuga i S\u00e4len<\/strong>, Dalarna, \u00e4r en riktigt klassiker och ett popul\u00e4rt resm\u00e5l. Med dess utbud av skidanl\u00e4ggningar i toppklass, fj\u00e4ll, \u00e4lvar och sj\u00f6ar lockar S\u00e4len m\u00e5nga semesterfirare \u00e5ret runt!<\/p>\n\n\n\n<p>Med en av v\u00e5ra stugor i S\u00e4len med omnejd har du ett fantastiskt utg\u00e5ngsl\u00e4ge f\u00f6r din n\u00e4sta skidsemester. Dessutom tillh\u00f6r S\u00e4len en av Sveriges popul\u00e4raste skidorter och \u00e4r perfekt val f\u00f6r familjen. H\u00e4r finns skidbackar i alla sv\u00e5righetsniv\u00e5er s\u00e5som gr\u00f6na backar till utmanade svarta pister. Exempel p\u00e5 skidanl\u00e4ggningar som erbjuder detta \u00e4r bland annat <strong>Lindvallen, Hundfj\u00e4llet och Tand\u00e5dalen<\/strong>. Boka en av v\u00e5ra stugor i S\u00e4len med omnejd redan idag f\u00f6r din n\u00e4sta skidsemester <a href=\"https:\/\/www.staynordic.se\/uthyrning\/uthyrning-malung-salen-e10546\/list-view\/\" target=\"_blank\" rel=\"noreferrer noopener\">h\u00e4r!<\/a><\/p>\n\n\n\n<p>Intresset f\u00f6r att boka semester i S\u00e4len under sommaren har \u00f6kat de senaste \u00e5ren. Inte s\u00e5 konstigt d\u00e5 under sommar och h\u00f6st \u00e4r naturen h\u00e4r s\u00e4rskilt praktfull. B\u00e4sta s\u00e4ttet att njuta av naturen \u00e4r till fots och <strong>S\u00e4len erbjuder m\u00e5nga fina vandringsleder<\/strong>. Eller varf\u00f6r inte testa p\u00e5 att cykla mountainbike i oslagbara fj\u00e4llvyer? Kika p\u00e5 semesterboenden i S\u00e4len och \u00f6vriga fj\u00e4lldestinationer <a href=\"https:\/\/www.staynordic.se\/uthyrning\/resor-bostader-p0\/tag-vintersemester\/\" target=\"_blank\" rel=\"noreferrer noopener\">h\u00e4r!<\/a><\/p>\n\n\n\n<h2 class=\"wp-block-heading\"><strong>Bran\u00e4s \u2013 en familjefavorit<\/strong><\/h2>\n\n\n\n<figure class=\"wp-block-image size-large\"><img loading=\"lazy\" decoding=\"async\" width=\"1500\" height=\"630\" src=\"https:\/\/www.staynordic.se\/inspiration\/wp-content\/uploads\/2022\/12\/thomas-t-nyd8uNteUPc-unsplash-1500x630.jpg\" alt=\"\" class=\"wp-image-243\"\/><figcaption class=\"wp-element-caption\">Vinterlandskap, Bild: Unsplash<\/figcaption><\/figure>\n\n\n\n<p><strong>Bran\u00e4s i V\u00e4rmland \u00e4r en favorit<\/strong> med sina skidbackar av fin kvalit\u00e9 och stora utbud av aktiviteter s\u00e5v\u00e4l vinter som sommar. Boka ett av v\u00e5ra boenden som bas f\u00f6r din n\u00e4sta semester.<\/p>\n\n\n\n<p>F\u00f6r en aktiv skidsemester i Bran\u00e4s finns b\u00e5de slalombackar i olika sv\u00e5righetsgrader och l\u00e4ngdsp\u00e5r samt skidskola f\u00f6r barnen. Detta g\u00f6r att skidorten speciellt omtyckt bland familjer.<\/p>\n\n\n\n<p><strong>Semester i Bran\u00e4s under sommaren<\/strong> \u00e4r n\u00e5got f\u00f6r dig som \u00e4lskar friluftsliv. H\u00e4r har du naturen n\u00e4ra med rum f\u00f6r avkoppling samtidigt som det finns gott om aktiviteter att v\u00e4lja bland. Vad s\u00e4gs om att hyra kanot, fiska eller b\u00e4versafari? F\u00f6r att inte n\u00e4mna det fina utbudet av vandringsleder i omr\u00e5det!<\/p>\n\n\n\n<h2 class=\"wp-block-heading\"><strong>Idre \u2013 semester bland storslagna fj\u00e4ll<\/strong><\/h2>\n\n\n\n<figure class=\"wp-block-image size-large\"><img loading=\"lazy\" decoding=\"async\" width=\"1500\" height=\"630\" src=\"https:\/\/www.staynordic.se\/inspiration\/wp-content\/uploads\/2022\/12\/emil-priver-wugrbCUizCI-unsplash-1_idre-1500x630.jpg\" alt=\"\" class=\"wp-image-246\"\/><figcaption class=\"wp-element-caption\">Vandring vid Gr\u00f6velsj\u00f6n i Idre, Bild: Unsplash<\/figcaption><\/figure>\n\n\n\n<p>Uppt\u00e4ck svenska fj\u00e4ll i Dalarna och boka din n\u00e4sta semester i Idre och ha ett av v\u00e5ra bekv\u00e4ma boende som utg\u00e5ngspunkt via oss p\u00e5 StayNordic. <strong>Idre bjuder p\u00e5 praktfulla fj\u00e4ll och storslagen natur under alla \u00e5rstider<\/strong>. Vintertid finns det skidanl\u00e4ggning med slalombackar fr\u00e5n gr\u00f6n till svarta pistar samt l\u00e4ngdsp\u00e5r. Skidskola finns ocks\u00e5!<\/p>\n\n\n\n<p>Under sommarhalv\u00e5ret finns det gott om aktiviteter i Idre att v\u00e4lja bland, till exempel cykling och vandring. F\u00f6rutom friluftsaktiviteter finns det lokala restauranger som bjuder p\u00e5 fina smakupplevelser. <a href=\"https:\/\/www.staynordic.se\/uthyrning\/resor-bostader-p0\/tag-vintersemester\/\" target=\"_blank\" rel=\"noreferrer noopener\">Kika h\u00e4r p\u00e5 v\u00e5rt utbud av stugor i fj\u00e4llen!<\/a><\/p>\n\n\n\n<p><strong>N\u00e4r du v\u00e4ljer att hyra stuga p\u00e5 StayNordic<\/strong> kan du f\u00f6rv\u00e4nta dig kundsupport som g\u00e5r in helhj\u00e4rtat f\u00f6r att din vistelse ska bli b\u00e4sta t\u00e4nkbara. F\u00f6r oss p\u00e5 StayNordic \u00e4r 100% service ett av v\u00e5ra ledord och finns alltid tillhands om du har n\u00e5gra funderingar eller fr\u00e5gor kring ett semesterhus eller bokning. Du kan enkelt boka stuga p\u00e5 v\u00e5r hemsida eller kontakta oss via telefon, s\u00e5 hj\u00e4lper g\u00e4rna dig! &nbsp;<\/p>\n","protected":false},"excerpt":{"rendered":"<p>Svenska fj\u00e4ll har n\u00e5got alldeles speciellt och lockar m\u00e5nga bes\u00f6kare varje \u00e5r! &nbsp;Skidsemestrar i S\u00e4len \u00e4r ett exempel p\u00e5 en&#8230;<\/p>\n","protected":false},"author":2,"featured_media":237,"comment_status":"open","ping_status":"closed","sticky":false,"template":"","format":"standard","meta":{"footnotes":""},"categories":[7],"tags":[27,26],"class_list":["post-236","post","type-post","status-publish","format-standard","has-post-thumbnail","hentry","category-reseinspiration-sv","tag-hyra-stuga-i-salen","tag-stugot-i-fjallen"],"yoast_head":"<!-- This site is optimized with the Yoast SEO plugin v27.4 - https:\/\/yoast.com\/product\/yoast-seo-wordpress\/ -->\n<title>Stugor i fj\u00e4llv\u00e4rlden f\u00f6r skidsemester &amp; sommaren - Blog<\/title>\n<meta name=\"robots\" content=\"index, follow, max-snippet:-1, max-image-preview:large, max-video-preview:-1\" \/>\n<link rel=\"canonical\" href=\"https:\/\/www.staynordic.se\/inspiration\/stugor-i-fjallvarlden-for-skidsemester-sommaren\/\" \/>\n<meta property=\"og:locale\" content=\"sv_SE\" \/>\n<meta property=\"og:type\" content=\"article\" \/>\n<meta property=\"og:title\" content=\"Stugor i fj\u00e4llv\u00e4rlden f\u00f6r skidsemester &amp; sommaren - Blog\" \/>\n<meta property=\"og:description\" content=\"Svenska fj\u00e4ll har n\u00e5got alldeles speciellt och lockar m\u00e5nga bes\u00f6kare varje \u00e5r! &nbsp;Skidsemestrar i S\u00e4len \u00e4r ett exempel p\u00e5 en...\" \/>\n<meta property=\"og:url\" content=\"https:\/\/www.staynordic.se\/inspiration\/stugor-i-fjallvarlden-for-skidsemester-sommaren\/\" \/>\n<meta property=\"og:site_name\" content=\"Blog\" \/>\n<meta property=\"article:published_time\" content=\"2022-12-13T10:55:25+00:00\" \/>\n<meta property=\"article:modified_time\" content=\"2022-12-21T15:00:02+00:00\" \/>\n<meta property=\"og:image\" content=\"https:\/\/www.staynordic.se\/inspiration\/wp-content\/uploads\/2022\/12\/michal-janek-1d1l3gU1PQk-unsplash-scaled.jpg\" \/>\n\t<meta property=\"og:image:width\" content=\"2560\" \/>\n\t<meta property=\"og:image:height\" content=\"1485\" \/>\n\t<meta property=\"og:image:type\" content=\"image\/jpeg\" \/>\n<meta name=\"author\" content=\"staynordic\" \/>\n<meta name=\"twitter:card\" content=\"summary_large_image\" \/>\n<meta name=\"twitter:label1\" content=\"Skriven av\" \/>\n\t<meta name=\"twitter:data1\" content=\"staynordic\" \/>\n\t<meta name=\"twitter:label2\" content=\"Ber\u00e4knad l\u00e4stid\" \/>\n\t<meta name=\"twitter:data2\" content=\"3 minuter\" \/>\n<script type=\"application\/ld+json\" class=\"yoast-schema-graph\">{\"@context\":\"https:\\\/\\\/schema.org\",\"@graph\":[{\"@type\":\"Article\",\"@id\":\"https:\\\/\\\/www.staynordic.se\\\/inspiration\\\/stugor-i-fjallvarlden-for-skidsemester-sommaren\\\/#article\",\"isPartOf\":{\"@id\":\"https:\\\/\\\/www.staynordic.se\\\/inspiration\\\/stugor-i-fjallvarlden-for-skidsemester-sommaren\\\/\"},\"author\":{\"name\":\"staynordic\",\"@id\":\"https:\\\/\\\/www.staynordic.se\\\/inspiration\\\/#\\\/schema\\\/person\\\/9c3033dcb184153f9d6ef97581f873aa\"},\"headline\":\"Stugor i fj\u00e4llv\u00e4rlden f\u00f6r skidsemester &amp; sommaren\",\"datePublished\":\"2022-12-13T10:55:25+00:00\",\"dateModified\":\"2022-12-21T15:00:02+00:00\",\"mainEntityOfPage\":{\"@id\":\"https:\\\/\\\/www.staynordic.se\\\/inspiration\\\/stugor-i-fjallvarlden-for-skidsemester-sommaren\\\/\"},\"wordCount\":652,\"commentCount\":0,\"image\":{\"@id\":\"https:\\\/\\\/www.staynordic.se\\\/inspiration\\\/stugor-i-fjallvarlden-for-skidsemester-sommaren\\\/#primaryimage\"},\"thumbnailUrl\":\"https:\\\/\\\/www.staynordic.se\\\/inspiration\\\/wp-content\\\/uploads\\\/2022\\\/12\\\/michal-janek-1d1l3gU1PQk-unsplash-scaled.jpg\",\"keywords\":[\"Hyra stuga i S\u00e4len\",\"Stugot i fj\u00e4llen\"],\"articleSection\":[\"Reseinspiration\"],\"inLanguage\":\"sv-SE\",\"potentialAction\":[{\"@type\":\"CommentAction\",\"name\":\"Comment\",\"target\":[\"https:\\\/\\\/www.staynordic.se\\\/inspiration\\\/stugor-i-fjallvarlden-for-skidsemester-sommaren\\\/#respond\"]}]},{\"@type\":\"WebPage\",\"@id\":\"https:\\\/\\\/www.staynordic.se\\\/inspiration\\\/stugor-i-fjallvarlden-for-skidsemester-sommaren\\\/\",\"url\":\"https:\\\/\\\/www.staynordic.se\\\/inspiration\\\/stugor-i-fjallvarlden-for-skidsemester-sommaren\\\/\",\"name\":\"Stugor i fj\u00e4llv\u00e4rlden f\u00f6r skidsemester &amp; sommaren - Blog\",\"isPartOf\":{\"@id\":\"https:\\\/\\\/www.staynordic.se\\\/inspiration\\\/#website\"},\"primaryImageOfPage\":{\"@id\":\"https:\\\/\\\/www.staynordic.se\\\/inspiration\\\/stugor-i-fjallvarlden-for-skidsemester-sommaren\\\/#primaryimage\"},\"image\":{\"@id\":\"https:\\\/\\\/www.staynordic.se\\\/inspiration\\\/stugor-i-fjallvarlden-for-skidsemester-sommaren\\\/#primaryimage\"},\"thumbnailUrl\":\"https:\\\/\\\/www.staynordic.se\\\/inspiration\\\/wp-content\\\/uploads\\\/2022\\\/12\\\/michal-janek-1d1l3gU1PQk-unsplash-scaled.jpg\",\"datePublished\":\"2022-12-13T10:55:25+00:00\",\"dateModified\":\"2022-12-21T15:00:02+00:00\",\"author\":{\"@id\":\"https:\\\/\\\/www.staynordic.se\\\/inspiration\\\/#\\\/schema\\\/person\\\/9c3033dcb184153f9d6ef97581f873aa\"},\"breadcrumb\":{\"@id\":\"https:\\\/\\\/www.staynordic.se\\\/inspiration\\\/stugor-i-fjallvarlden-for-skidsemester-sommaren\\\/#breadcrumb\"},\"inLanguage\":\"sv-SE\",\"potentialAction\":[{\"@type\":\"ReadAction\",\"target\":[\"https:\\\/\\\/www.staynordic.se\\\/inspiration\\\/stugor-i-fjallvarlden-for-skidsemester-sommaren\\\/\"]}]},{\"@type\":\"ImageObject\",\"inLanguage\":\"sv-SE\",\"@id\":\"https:\\\/\\\/www.staynordic.se\\\/inspiration\\\/stugor-i-fjallvarlden-for-skidsemester-sommaren\\\/#primaryimage\",\"url\":\"https:\\\/\\\/www.staynordic.se\\\/inspiration\\\/wp-content\\\/uploads\\\/2022\\\/12\\\/michal-janek-1d1l3gU1PQk-unsplash-scaled.jpg\",\"contentUrl\":\"https:\\\/\\\/www.staynordic.se\\\/inspiration\\\/wp-content\\\/uploads\\\/2022\\\/12\\\/michal-janek-1d1l3gU1PQk-unsplash-scaled.jpg\",\"width\":2560,\"height\":1485,\"caption\":\"Hyr stuga i Fj\u00e4llen med hela familjen \u00e5ret runt!\"},{\"@type\":\"BreadcrumbList\",\"@id\":\"https:\\\/\\\/www.staynordic.se\\\/inspiration\\\/stugor-i-fjallvarlden-for-skidsemester-sommaren\\\/#breadcrumb\",\"itemListElement\":[{\"@type\":\"ListItem\",\"position\":1,\"name\":\"Home\",\"item\":\"https:\\\/\\\/www.staynordic.se\\\/inspiration\\\/\"},{\"@type\":\"ListItem\",\"position\":2,\"name\":\"Stugor i fj\u00e4llv\u00e4rlden f\u00f6r skidsemester &amp; sommaren\"}]},{\"@type\":\"WebSite\",\"@id\":\"https:\\\/\\\/www.staynordic.se\\\/inspiration\\\/#website\",\"url\":\"https:\\\/\\\/www.staynordic.se\\\/inspiration\\\/\",\"name\":\"Blog\",\"description\":\"StayNordic\",\"potentialAction\":[{\"@type\":\"SearchAction\",\"target\":{\"@type\":\"EntryPoint\",\"urlTemplate\":\"https:\\\/\\\/www.staynordic.se\\\/inspiration\\\/?s={search_term_string}\"},\"query-input\":{\"@type\":\"PropertyValueSpecification\",\"valueRequired\":true,\"valueName\":\"search_term_string\"}}],\"inLanguage\":\"sv-SE\"},{\"@type\":\"Person\",\"@id\":\"https:\\\/\\\/www.staynordic.se\\\/inspiration\\\/#\\\/schema\\\/person\\\/9c3033dcb184153f9d6ef97581f873aa\",\"name\":\"staynordic\",\"image\":{\"@type\":\"ImageObject\",\"inLanguage\":\"sv-SE\",\"@id\":\"https:\\\/\\\/secure.gravatar.com\\\/avatar\\\/296a1c76b74beb4ff0d8c110f864c6e9ad0452ac2749bca077a5432a9d7fb4f9?s=96&d=mm&r=g\",\"url\":\"https:\\\/\\\/secure.gravatar.com\\\/avatar\\\/296a1c76b74beb4ff0d8c110f864c6e9ad0452ac2749bca077a5432a9d7fb4f9?s=96&d=mm&r=g\",\"contentUrl\":\"https:\\\/\\\/secure.gravatar.com\\\/avatar\\\/296a1c76b74beb4ff0d8c110f864c6e9ad0452ac2749bca077a5432a9d7fb4f9?s=96&d=mm&r=g\",\"caption\":\"staynordic\"},\"url\":\"https:\\\/\\\/www.staynordic.se\\\/inspiration\\\/author\\\/staynordic\\\/\"}]}<\/script>\n<!-- \/ Yoast SEO plugin. -->","yoast_head_json":{"title":"Stugor i fj\u00e4llv\u00e4rlden f\u00f6r skidsemester &amp; sommaren - Blog","robots":{"index":"index","follow":"follow","max-snippet":"max-snippet:-1","max-image-preview":"max-image-preview:large","max-video-preview":"max-video-preview:-1"},"canonical":"https:\/\/www.staynordic.se\/inspiration\/stugor-i-fjallvarlden-for-skidsemester-sommaren\/","og_locale":"sv_SE","og_type":"article","og_title":"Stugor i fj\u00e4llv\u00e4rlden f\u00f6r skidsemester &amp; sommaren - Blog","og_description":"Svenska fj\u00e4ll har n\u00e5got alldeles speciellt och lockar m\u00e5nga bes\u00f6kare varje \u00e5r! &nbsp;Skidsemestrar i S\u00e4len \u00e4r ett exempel p\u00e5 en...","og_url":"https:\/\/www.staynordic.se\/inspiration\/stugor-i-fjallvarlden-for-skidsemester-sommaren\/","og_site_name":"Blog","article_published_time":"2022-12-13T10:55:25+00:00","article_modified_time":"2022-12-21T15:00:02+00:00","og_image":[{"width":2560,"height":1485,"url":"https:\/\/www.staynordic.se\/inspiration\/wp-content\/uploads\/2022\/12\/michal-janek-1d1l3gU1PQk-unsplash-scaled.jpg","type":"image\/jpeg"}],"author":"staynordic","twitter_card":"summary_large_image","twitter_misc":{"Skriven av":"staynordic","Ber\u00e4knad l\u00e4stid":"3 minuter"},"schema":{"@context":"https:\/\/schema.org","@graph":[{"@type":"Article","@id":"https:\/\/www.staynordic.se\/inspiration\/stugor-i-fjallvarlden-for-skidsemester-sommaren\/#article","isPartOf":{"@id":"https:\/\/www.staynordic.se\/inspiration\/stugor-i-fjallvarlden-for-skidsemester-sommaren\/"},"author":{"name":"staynordic","@id":"https:\/\/www.staynordic.se\/inspiration\/#\/schema\/person\/9c3033dcb184153f9d6ef97581f873aa"},"headline":"Stugor i fj\u00e4llv\u00e4rlden f\u00f6r skidsemester &amp; sommaren","datePublished":"2022-12-13T10:55:25+00:00","dateModified":"2022-12-21T15:00:02+00:00","mainEntityOfPage":{"@id":"https:\/\/www.staynordic.se\/inspiration\/stugor-i-fjallvarlden-for-skidsemester-sommaren\/"},"wordCount":652,"commentCount":0,"image":{"@id":"https:\/\/www.staynordic.se\/inspiration\/stugor-i-fjallvarlden-for-skidsemester-sommaren\/#primaryimage"},"thumbnailUrl":"https:\/\/www.staynordic.se\/inspiration\/wp-content\/uploads\/2022\/12\/michal-janek-1d1l3gU1PQk-unsplash-scaled.jpg","keywords":["Hyra stuga i S\u00e4len","Stugot i fj\u00e4llen"],"articleSection":["Reseinspiration"],"inLanguage":"sv-SE","potentialAction":[{"@type":"CommentAction","name":"Comment","target":["https:\/\/www.staynordic.se\/inspiration\/stugor-i-fjallvarlden-for-skidsemester-sommaren\/#respond"]}]},{"@type":"WebPage","@id":"https:\/\/www.staynordic.se\/inspiration\/stugor-i-fjallvarlden-for-skidsemester-sommaren\/","url":"https:\/\/www.staynordic.se\/inspiration\/stugor-i-fjallvarlden-for-skidsemester-sommaren\/","name":"Stugor i fj\u00e4llv\u00e4rlden f\u00f6r skidsemester &amp; sommaren - Blog","isPartOf":{"@id":"https:\/\/www.staynordic.se\/inspiration\/#website"},"primaryImageOfPage":{"@id":"https:\/\/www.staynordic.se\/inspiration\/stugor-i-fjallvarlden-for-skidsemester-sommaren\/#primaryimage"},"image":{"@id":"https:\/\/www.staynordic.se\/inspiration\/stugor-i-fjallvarlden-for-skidsemester-sommaren\/#primaryimage"},"thumbnailUrl":"https:\/\/www.staynordic.se\/inspiration\/wp-content\/uploads\/2022\/12\/michal-janek-1d1l3gU1PQk-unsplash-scaled.jpg","datePublished":"2022-12-13T10:55:25+00:00","dateModified":"2022-12-21T15:00:02+00:00","author":{"@id":"https:\/\/www.staynordic.se\/inspiration\/#\/schema\/person\/9c3033dcb184153f9d6ef97581f873aa"},"breadcrumb":{"@id":"https:\/\/www.staynordic.se\/inspiration\/stugor-i-fjallvarlden-for-skidsemester-sommaren\/#breadcrumb"},"inLanguage":"sv-SE","potentialAction":[{"@type":"ReadAction","target":["https:\/\/www.staynordic.se\/inspiration\/stugor-i-fjallvarlden-for-skidsemester-sommaren\/"]}]},{"@type":"ImageObject","inLanguage":"sv-SE","@id":"https:\/\/www.staynordic.se\/inspiration\/stugor-i-fjallvarlden-for-skidsemester-sommaren\/#primaryimage","url":"https:\/\/www.staynordic.se\/inspiration\/wp-content\/uploads\/2022\/12\/michal-janek-1d1l3gU1PQk-unsplash-scaled.jpg","contentUrl":"https:\/\/www.staynordic.se\/inspiration\/wp-content\/uploads\/2022\/12\/michal-janek-1d1l3gU1PQk-unsplash-scaled.jpg","width":2560,"height":1485,"caption":"Hyr stuga i Fj\u00e4llen med hela familjen \u00e5ret runt!"},{"@type":"BreadcrumbList","@id":"https:\/\/www.staynordic.se\/inspiration\/stugor-i-fjallvarlden-for-skidsemester-sommaren\/#breadcrumb","itemListElement":[{"@type":"ListItem","position":1,"name":"Home","item":"https:\/\/www.staynordic.se\/inspiration\/"},{"@type":"ListItem","position":2,"name":"Stugor i fj\u00e4llv\u00e4rlden f\u00f6r skidsemester &amp; sommaren"}]},{"@type":"WebSite","@id":"https:\/\/www.staynordic.se\/inspiration\/#website","url":"https:\/\/www.staynordic.se\/inspiration\/","name":"Blog","description":"StayNordic","potentialAction":[{"@type":"SearchAction","target":{"@type":"EntryPoint","urlTemplate":"https:\/\/www.staynordic.se\/inspiration\/?s={search_term_string}"},"query-input":{"@type":"PropertyValueSpecification","valueRequired":true,"valueName":"search_term_string"}}],"inLanguage":"sv-SE"},{"@type":"Person","@id":"https:\/\/www.staynordic.se\/inspiration\/#\/schema\/person\/9c3033dcb184153f9d6ef97581f873aa","name":"staynordic","image":{"@type":"ImageObject","inLanguage":"sv-SE","@id":"https:\/\/secure.gravatar.com\/avatar\/296a1c76b74beb4ff0d8c110f864c6e9ad0452ac2749bca077a5432a9d7fb4f9?s=96&d=mm&r=g","url":"https:\/\/secure.gravatar.com\/avatar\/296a1c76b74beb4ff0d8c110f864c6e9ad0452ac2749bca077a5432a9d7fb4f9?s=96&d=mm&r=g","contentUrl":"https:\/\/secure.gravatar.com\/avatar\/296a1c76b74beb4ff0d8c110f864c6e9ad0452ac2749bca077a5432a9d7fb4f9?s=96&d=mm&r=g","caption":"staynordic"},"url":"https:\/\/www.staynordic.se\/inspiration\/author\/staynordic\/"}]}},"_links":{"self":[{"href":"https:\/\/www.staynordic.se\/inspiration\/wp-json\/wp\/v2\/posts\/236","targetHints":{"allow":["GET"]}}],"collection":[{"href":"https:\/\/www.staynordic.se\/inspiration\/wp-json\/wp\/v2\/posts"}],"about":[{"href":"https:\/\/www.staynordic.se\/inspiration\/wp-json\/wp\/v2\/types\/post"}],"author":[{"embeddable":true,"href":"https:\/\/www.staynordic.se\/inspiration\/wp-json\/wp\/v2\/users\/2"}],"replies":[{"embeddable":true,"href":"https:\/\/www.staynordic.se\/inspiration\/wp-json\/wp\/v2\/comments?post=236"}],"version-history":[{"count":4,"href":"https:\/\/www.staynordic.se\/inspiration\/wp-json\/wp\/v2\/posts\/236\/revisions"}],"predecessor-version":[{"id":255,"href":"https:\/\/www.staynordic.se\/inspiration\/wp-json\/wp\/v2\/posts\/236\/revisions\/255"}],"wp:featuredmedia":[{"embeddable":true,"href":"https:\/\/www.staynordic.se\/inspiration\/wp-json\/wp\/v2\/media\/237"}],"wp:attachment":[{"href":"https:\/\/www.staynordic.se\/inspiration\/wp-json\/wp\/v2\/media?parent=236"}],"wp:term":[{"taxonomy":"category","embeddable":true,"href":"https:\/\/www.staynordic.se\/inspiration\/wp-json\/wp\/v2\/categories?post=236"},{"taxonomy":"post_tag","embeddable":true,"href":"https:\/\/www.staynordic.se\/inspiration\/wp-json\/wp\/v2\/tags?post=236"}],"curies":[{"name":"wp","href":"https:\/\/api.w.org\/{rel}","templated":true}]}}