{"id":61,"date":"2022-01-18T02:15:00","date_gmt":"2022-01-18T02:15:00","guid":{"rendered":"https:\/\/www.staynordic.se\/inspiration\/?p=61"},"modified":"2022-08-29T10:14:44","modified_gmt":"2022-08-29T10:14:44","slug":"ny-uppstickare-inom-stuguthyrning","status":"publish","type":"post","link":"https:\/\/www.staynordic.se\/inspiration\/ny-uppstickare-inom-stuguthyrning\/","title":{"rendered":"Ny svensk uppstickare inom stuguthyrning med svenska hus\u00e4gare som huvudfokus"},"content":{"rendered":"\n<p><strong>StayNordic<\/strong>\u202fheter den nya akt\u00f6ren f\u00f6r uthyrning av semesterboenden som riktar sig till b\u00e5de hus\u00e4gare och g\u00e4ster.\u202fGrundare till bolaget \u00e4r Kristofer Jakobsson, Magnus Aideborn och Ola Zetterl\u00f6f. Med sina gemensamma erfarenheter fr\u00e5n rese- och bokningsbranschen har de kunnat konstatera vad det \u00e4r som saknas p\u00e5 en marknad som bara v\u00e4xer.\u00a0<br>\u00a0<\/p>\n\n\n\n<p><em>\u201dDe senaste \u00e5ren har marknaden visat ett v\u00e4xande glapp som drabbat Sverige och svenska hus\u00e4gare. Stora uthyrningsf\u00f6rmedlare har centraliserat, vilket har lett till l\u00e4gre lokal n\u00e4rvaro och serviceniv\u00e5 f\u00f6r hus\u00e4gare. Detta samtidigt som efterfr\u00e5gan stadigt \u00f6kar med g\u00e4ster ifr\u00e5n Tyskland, Danmark, Norge med mera. Alla, \u00e4ven inrikes g\u00e4ster, \u00e4r beredda att betala mer f\u00f6r en b\u00e4ttre helhetsupplevelse. <\/em>\u00a0<br>\u00a0<br><em>Sverige har en fantastisk potential, efterfr\u00e5gan \u00e4r st\u00f6rre \u00e4n n\u00e5gonsin och allt fler ser f\u00f6rdelarna med att hyra ut sin bostad.\u202fDet \u00e4r d\u00e4r StayNordic kommer in. Vi ser vad som \u00e4r viktigt och vi vet hur vi ska koppla ihop hus\u00e4garen och g\u00e4sten p\u00e5 b\u00e4sta m\u00f6jliga s\u00e4tt.<\/em>\u201d s\u00e4ger Kristofer Jakobsson, VD &amp; Investerare, som har l\u00e5ng erfarenhet av f\u00f6rmedling och uthyrning av egna boenden och po\u00e4ngterar v\u00e4rdet av trygghet vid uthyrning av sin bostad.\u00a0<\/p>\n\n\n\n<h2 class=\"wp-block-heading\">Stuguthyrning med sin bas i Sverige\u00a0<\/h2>\n\n\n\n<p>Med huvudkontor i centrala G\u00f6teborg erbjuder StayNordic en flexibel uthyrningstj\u00e4nst med fokus p\u00e5 service, trygghet, exklusivitet och lokal n\u00e4rvaro. Hus\u00e4gare som bor l\u00e5ngt ifr\u00e5n sitt hyresobjekt f\u00e5r fullst\u00e4ndig service fr\u00e5n StayNordic. P\u00e5 s\u00e5 vis s\u00e4kerst\u00e4lls h\u00f6g kvalitet f\u00f6r hus\u00e4garen och en bekymmersfri semester f\u00f6r hyresg\u00e4sten.\u202f\u202f<br>\u00a0<br>De unika f\u00f6rdelarna med att <a href=\"https:\/\/www.staynordic.se\/hyra-ut\/\">hyra ut via StayNordic<\/a> \u00e4r flera. Hus\u00e4garen har stor flexibilitet och ingen bindningstid. Ut\u00f6ver publicering p\u00e5 den egna portalen www.staynordic.se, ing\u00e5r \u00e4ven alla stora bokningsportaler s\u00e5som Airbnb, Booking.com och Vrbo. Det inneb\u00e4r att boendet omedelbart blir tillg\u00e4ngligt f\u00f6r uthyrning i flera kanaler med stor r\u00e4ckvidd. Samtidigt bibeh\u00e5lls serviceniv\u00e5n och den lokala n\u00e4rvaron. Dessutom finns genomt\u00e4nkta\u00a0f\u00f6rs\u00e4kringsavtal p\u00e5 plats f\u00f6r att s\u00e4kra tryggheten f\u00f6r b\u00e5de husv\u00e4rden och hyresg\u00e4sten. Som ett komplement anv\u00e4nder StayNordic ett prisverktyg som optimerar int\u00e4kten f\u00f6r hus\u00e4garen genom att\u00a0dynamiskt justera priset efter utbud och efterfr\u00e5gan.\u00a0<\/p>\n\n\n\n<p><em>\u201dSom investerare k\u00e4ndes det helt r\u00e4tt att satsa p\u00e5 verksamheten med StayNordic. Det finns s\u00e5 mycket kunskap och expertis samlat i bolaget, och det ligger helt r\u00e4tt i aff\u00e4rsid\u00e9 och strategi. StayNordic b\u00e5de svarar p\u00e5 ett uppd\u00e4mt behov i branschen samtidigt som det finns en gedigen vilja att gynna svensk turistn\u00e4ring, g\u00f6ra den b\u00e4sta aff\u00e4ren, och samtidigt ge partners och hyresg\u00e4ster b\u00e4sta m\u00f6jliga upplevelse. D\u00e4r tar StayNordic en unik marknadsposition.\u201d <\/em>s\u00e4ger Magnus Aideborn fr\u00e5n Lion Ventures.\u00a0<\/p>\n\n\n\n<p><strong>Om StayNordic<\/strong>&nbsp;<\/p>\n\n\n\n<p>StayNordic \u00e4r ett svenskt f\u00f6retag med huvudkontor i centrala G\u00f6teborg som f\u00f6rmedlar privat\u00e4gda stugor och boenden f\u00f6r kortare semesteruthyrning.&nbsp;StayNordic erbjuder sina husv\u00e4rdar en komplett service med n\u00e4ra samarbete genom hela uthyrningen och arbetar aktivt f\u00f6r att fr\u00e4mja det lokala n\u00e4ringslivet&nbsp;genom att anlita fotografer, hantverkare och annan personal n\u00e4ra uthyrningsobjekten.&nbsp;<\/p>\n\n\n\n<p>Kontakt:&nbsp;<a href=\"mailto:hello@staynordic.se\" target=\"_blank\" rel=\"noreferrer noopener\">hello@staynordic.se<\/a><\/p>\n","protected":false},"excerpt":{"rendered":"<p>StayNordic\u202fheter den nya akt\u00f6ren f\u00f6r uthyrning av semesterboenden som riktar sig till b\u00e5de hus\u00e4gare och g\u00e4ster.\u202fGrundare till bolaget \u00e4r Kristofer&#8230;<\/p>\n","protected":false},"author":2,"featured_media":206,"comment_status":"open","ping_status":"open","sticky":false,"template":"","format":"standard","meta":{"footnotes":""},"categories":[19],"tags":[],"class_list":["post-61","post","type-post","status-publish","format-standard","has-post-thumbnail","hentry","category-nyheter"],"yoast_head":"<!-- This site is optimized with the Yoast SEO plugin v27.4 - https:\/\/yoast.com\/product\/yoast-seo-wordpress\/ -->\n<title>Ny svensk uppstickare inom stuguthyrning med svenska hus\u00e4gare som huvudfokus - Blog<\/title>\n<meta name=\"description\" content=\"StayNordic\u202fheter den nya f\u00f6rmedlingen f\u00f6r uthyrning av stugor och semesterboenden som riktar sig till b\u00e5de hus\u00e4gare och g\u00e4ster.\u202f\" \/>\n<meta name=\"robots\" content=\"index, follow, max-snippet:-1, max-image-preview:large, max-video-preview:-1\" \/>\n<link rel=\"canonical\" href=\"https:\/\/www.staynordic.se\/inspiration\/ny-uppstickare-inom-stuguthyrning\/\" \/>\n<meta property=\"og:locale\" content=\"sv_SE\" \/>\n<meta property=\"og:type\" content=\"article\" \/>\n<meta property=\"og:title\" content=\"Ny svensk uppstickare inom stuguthyrning med svenska hus\u00e4gare som huvudfokus - Blog\" \/>\n<meta property=\"og:description\" content=\"StayNordic\u202fheter den nya f\u00f6rmedlingen f\u00f6r uthyrning av stugor och semesterboenden som riktar sig till b\u00e5de hus\u00e4gare och g\u00e4ster.\u202f\" \/>\n<meta property=\"og:url\" content=\"https:\/\/www.staynordic.se\/inspiration\/ny-uppstickare-inom-stuguthyrning\/\" \/>\n<meta property=\"og:site_name\" content=\"Blog\" \/>\n<meta property=\"article:published_time\" content=\"2022-01-18T02:15:00+00:00\" \/>\n<meta property=\"article:modified_time\" content=\"2022-08-29T10:14:44+00:00\" \/>\n<meta property=\"og:image\" content=\"https:\/\/www.staynordic.se\/inspiration\/wp-content\/uploads\/2022\/01\/medel-fredrik-ohlander-TauLSnWr23k-unsplash.jpg\" \/>\n\t<meta property=\"og:image:width\" content=\"2412\" \/>\n\t<meta property=\"og:image:height\" content=\"1608\" \/>\n\t<meta property=\"og:image:type\" content=\"image\/jpeg\" \/>\n<meta name=\"author\" content=\"staynordic\" \/>\n<meta name=\"twitter:card\" content=\"summary_large_image\" \/>\n<meta name=\"twitter:label1\" content=\"Skriven av\" \/>\n\t<meta name=\"twitter:data1\" content=\"staynordic\" \/>\n\t<meta name=\"twitter:label2\" content=\"Ber\u00e4knad l\u00e4stid\" \/>\n\t<meta name=\"twitter:data2\" content=\"3 minuter\" \/>\n<script type=\"application\/ld+json\" class=\"yoast-schema-graph\">{\"@context\":\"https:\\\/\\\/schema.org\",\"@graph\":[{\"@type\":\"Article\",\"@id\":\"https:\\\/\\\/www.staynordic.se\\\/inspiration\\\/ny-uppstickare-inom-stuguthyrning\\\/#article\",\"isPartOf\":{\"@id\":\"https:\\\/\\\/www.staynordic.se\\\/inspiration\\\/ny-uppstickare-inom-stuguthyrning\\\/\"},\"author\":{\"name\":\"staynordic\",\"@id\":\"https:\\\/\\\/www.staynordic.se\\\/inspiration\\\/#\\\/schema\\\/person\\\/9c3033dcb184153f9d6ef97581f873aa\"},\"headline\":\"Ny svensk uppstickare inom stuguthyrning med svenska hus\u00e4gare som huvudfokus\",\"datePublished\":\"2022-01-18T02:15:00+00:00\",\"dateModified\":\"2022-08-29T10:14:44+00:00\",\"mainEntityOfPage\":{\"@id\":\"https:\\\/\\\/www.staynordic.se\\\/inspiration\\\/ny-uppstickare-inom-stuguthyrning\\\/\"},\"wordCount\":584,\"commentCount\":0,\"image\":{\"@id\":\"https:\\\/\\\/www.staynordic.se\\\/inspiration\\\/ny-uppstickare-inom-stuguthyrning\\\/#primaryimage\"},\"thumbnailUrl\":\"https:\\\/\\\/www.staynordic.se\\\/inspiration\\\/wp-content\\\/uploads\\\/2022\\\/01\\\/medel-fredrik-ohlander-TauLSnWr23k-unsplash.jpg\",\"articleSection\":[\"Nyheter\"],\"inLanguage\":\"sv-SE\",\"potentialAction\":[{\"@type\":\"CommentAction\",\"name\":\"Comment\",\"target\":[\"https:\\\/\\\/www.staynordic.se\\\/inspiration\\\/ny-uppstickare-inom-stuguthyrning\\\/#respond\"]}]},{\"@type\":\"WebPage\",\"@id\":\"https:\\\/\\\/www.staynordic.se\\\/inspiration\\\/ny-uppstickare-inom-stuguthyrning\\\/\",\"url\":\"https:\\\/\\\/www.staynordic.se\\\/inspiration\\\/ny-uppstickare-inom-stuguthyrning\\\/\",\"name\":\"Ny svensk uppstickare inom stuguthyrning med svenska hus\u00e4gare som huvudfokus - Blog\",\"isPartOf\":{\"@id\":\"https:\\\/\\\/www.staynordic.se\\\/inspiration\\\/#website\"},\"primaryImageOfPage\":{\"@id\":\"https:\\\/\\\/www.staynordic.se\\\/inspiration\\\/ny-uppstickare-inom-stuguthyrning\\\/#primaryimage\"},\"image\":{\"@id\":\"https:\\\/\\\/www.staynordic.se\\\/inspiration\\\/ny-uppstickare-inom-stuguthyrning\\\/#primaryimage\"},\"thumbnailUrl\":\"https:\\\/\\\/www.staynordic.se\\\/inspiration\\\/wp-content\\\/uploads\\\/2022\\\/01\\\/medel-fredrik-ohlander-TauLSnWr23k-unsplash.jpg\",\"datePublished\":\"2022-01-18T02:15:00+00:00\",\"dateModified\":\"2022-08-29T10:14:44+00:00\",\"author\":{\"@id\":\"https:\\\/\\\/www.staynordic.se\\\/inspiration\\\/#\\\/schema\\\/person\\\/9c3033dcb184153f9d6ef97581f873aa\"},\"description\":\"StayNordic\u202fheter den nya f\u00f6rmedlingen f\u00f6r uthyrning av stugor och semesterboenden som riktar sig till b\u00e5de hus\u00e4gare och g\u00e4ster.\u202f\",\"breadcrumb\":{\"@id\":\"https:\\\/\\\/www.staynordic.se\\\/inspiration\\\/ny-uppstickare-inom-stuguthyrning\\\/#breadcrumb\"},\"inLanguage\":\"sv-SE\",\"potentialAction\":[{\"@type\":\"ReadAction\",\"target\":[\"https:\\\/\\\/www.staynordic.se\\\/inspiration\\\/ny-uppstickare-inom-stuguthyrning\\\/\"]}]},{\"@type\":\"ImageObject\",\"inLanguage\":\"sv-SE\",\"@id\":\"https:\\\/\\\/www.staynordic.se\\\/inspiration\\\/ny-uppstickare-inom-stuguthyrning\\\/#primaryimage\",\"url\":\"https:\\\/\\\/www.staynordic.se\\\/inspiration\\\/wp-content\\\/uploads\\\/2022\\\/01\\\/medel-fredrik-ohlander-TauLSnWr23k-unsplash.jpg\",\"contentUrl\":\"https:\\\/\\\/www.staynordic.se\\\/inspiration\\\/wp-content\\\/uploads\\\/2022\\\/01\\\/medel-fredrik-ohlander-TauLSnWr23k-unsplash.jpg\",\"width\":2412,\"height\":1608},{\"@type\":\"BreadcrumbList\",\"@id\":\"https:\\\/\\\/www.staynordic.se\\\/inspiration\\\/ny-uppstickare-inom-stuguthyrning\\\/#breadcrumb\",\"itemListElement\":[{\"@type\":\"ListItem\",\"position\":1,\"name\":\"Home\",\"item\":\"https:\\\/\\\/www.staynordic.se\\\/inspiration\\\/\"},{\"@type\":\"ListItem\",\"position\":2,\"name\":\"Ny svensk uppstickare inom stuguthyrning med svenska hus\u00e4gare som huvudfokus\"}]},{\"@type\":\"WebSite\",\"@id\":\"https:\\\/\\\/www.staynordic.se\\\/inspiration\\\/#website\",\"url\":\"https:\\\/\\\/www.staynordic.se\\\/inspiration\\\/\",\"name\":\"Blog\",\"description\":\"StayNordic\",\"potentialAction\":[{\"@type\":\"SearchAction\",\"target\":{\"@type\":\"EntryPoint\",\"urlTemplate\":\"https:\\\/\\\/www.staynordic.se\\\/inspiration\\\/?s={search_term_string}\"},\"query-input\":{\"@type\":\"PropertyValueSpecification\",\"valueRequired\":true,\"valueName\":\"search_term_string\"}}],\"inLanguage\":\"sv-SE\"},{\"@type\":\"Person\",\"@id\":\"https:\\\/\\\/www.staynordic.se\\\/inspiration\\\/#\\\/schema\\\/person\\\/9c3033dcb184153f9d6ef97581f873aa\",\"name\":\"staynordic\",\"image\":{\"@type\":\"ImageObject\",\"inLanguage\":\"sv-SE\",\"@id\":\"https:\\\/\\\/secure.gravatar.com\\\/avatar\\\/296a1c76b74beb4ff0d8c110f864c6e9ad0452ac2749bca077a5432a9d7fb4f9?s=96&d=mm&r=g\",\"url\":\"https:\\\/\\\/secure.gravatar.com\\\/avatar\\\/296a1c76b74beb4ff0d8c110f864c6e9ad0452ac2749bca077a5432a9d7fb4f9?s=96&d=mm&r=g\",\"contentUrl\":\"https:\\\/\\\/secure.gravatar.com\\\/avatar\\\/296a1c76b74beb4ff0d8c110f864c6e9ad0452ac2749bca077a5432a9d7fb4f9?s=96&d=mm&r=g\",\"caption\":\"staynordic\"},\"url\":\"https:\\\/\\\/www.staynordic.se\\\/inspiration\\\/author\\\/staynordic\\\/\"}]}<\/script>\n<!-- \/ Yoast SEO plugin. -->","yoast_head_json":{"title":"Ny svensk uppstickare inom stuguthyrning med svenska hus\u00e4gare som huvudfokus - Blog","description":"StayNordic\u202fheter den nya f\u00f6rmedlingen f\u00f6r uthyrning av stugor och semesterboenden som riktar sig till b\u00e5de hus\u00e4gare och g\u00e4ster.\u202f","robots":{"index":"index","follow":"follow","max-snippet":"max-snippet:-1","max-image-preview":"max-image-preview:large","max-video-preview":"max-video-preview:-1"},"canonical":"https:\/\/www.staynordic.se\/inspiration\/ny-uppstickare-inom-stuguthyrning\/","og_locale":"sv_SE","og_type":"article","og_title":"Ny svensk uppstickare inom stuguthyrning med svenska hus\u00e4gare som huvudfokus - Blog","og_description":"StayNordic\u202fheter den nya f\u00f6rmedlingen f\u00f6r uthyrning av stugor och semesterboenden som riktar sig till b\u00e5de hus\u00e4gare och g\u00e4ster.\u202f","og_url":"https:\/\/www.staynordic.se\/inspiration\/ny-uppstickare-inom-stuguthyrning\/","og_site_name":"Blog","article_published_time":"2022-01-18T02:15:00+00:00","article_modified_time":"2022-08-29T10:14:44+00:00","og_image":[{"width":2412,"height":1608,"url":"https:\/\/www.staynordic.se\/inspiration\/wp-content\/uploads\/2022\/01\/medel-fredrik-ohlander-TauLSnWr23k-unsplash.jpg","type":"image\/jpeg"}],"author":"staynordic","twitter_card":"summary_large_image","twitter_misc":{"Skriven av":"staynordic","Ber\u00e4knad l\u00e4stid":"3 minuter"},"schema":{"@context":"https:\/\/schema.org","@graph":[{"@type":"Article","@id":"https:\/\/www.staynordic.se\/inspiration\/ny-uppstickare-inom-stuguthyrning\/#article","isPartOf":{"@id":"https:\/\/www.staynordic.se\/inspiration\/ny-uppstickare-inom-stuguthyrning\/"},"author":{"name":"staynordic","@id":"https:\/\/www.staynordic.se\/inspiration\/#\/schema\/person\/9c3033dcb184153f9d6ef97581f873aa"},"headline":"Ny svensk uppstickare inom stuguthyrning med svenska hus\u00e4gare som huvudfokus","datePublished":"2022-01-18T02:15:00+00:00","dateModified":"2022-08-29T10:14:44+00:00","mainEntityOfPage":{"@id":"https:\/\/www.staynordic.se\/inspiration\/ny-uppstickare-inom-stuguthyrning\/"},"wordCount":584,"commentCount":0,"image":{"@id":"https:\/\/www.staynordic.se\/inspiration\/ny-uppstickare-inom-stuguthyrning\/#primaryimage"},"thumbnailUrl":"https:\/\/www.staynordic.se\/inspiration\/wp-content\/uploads\/2022\/01\/medel-fredrik-ohlander-TauLSnWr23k-unsplash.jpg","articleSection":["Nyheter"],"inLanguage":"sv-SE","potentialAction":[{"@type":"CommentAction","name":"Comment","target":["https:\/\/www.staynordic.se\/inspiration\/ny-uppstickare-inom-stuguthyrning\/#respond"]}]},{"@type":"WebPage","@id":"https:\/\/www.staynordic.se\/inspiration\/ny-uppstickare-inom-stuguthyrning\/","url":"https:\/\/www.staynordic.se\/inspiration\/ny-uppstickare-inom-stuguthyrning\/","name":"Ny svensk uppstickare inom stuguthyrning med svenska hus\u00e4gare som huvudfokus - Blog","isPartOf":{"@id":"https:\/\/www.staynordic.se\/inspiration\/#website"},"primaryImageOfPage":{"@id":"https:\/\/www.staynordic.se\/inspiration\/ny-uppstickare-inom-stuguthyrning\/#primaryimage"},"image":{"@id":"https:\/\/www.staynordic.se\/inspiration\/ny-uppstickare-inom-stuguthyrning\/#primaryimage"},"thumbnailUrl":"https:\/\/www.staynordic.se\/inspiration\/wp-content\/uploads\/2022\/01\/medel-fredrik-ohlander-TauLSnWr23k-unsplash.jpg","datePublished":"2022-01-18T02:15:00+00:00","dateModified":"2022-08-29T10:14:44+00:00","author":{"@id":"https:\/\/www.staynordic.se\/inspiration\/#\/schema\/person\/9c3033dcb184153f9d6ef97581f873aa"},"description":"StayNordic\u202fheter den nya f\u00f6rmedlingen f\u00f6r uthyrning av stugor och semesterboenden som riktar sig till b\u00e5de hus\u00e4gare och g\u00e4ster.\u202f","breadcrumb":{"@id":"https:\/\/www.staynordic.se\/inspiration\/ny-uppstickare-inom-stuguthyrning\/#breadcrumb"},"inLanguage":"sv-SE","potentialAction":[{"@type":"ReadAction","target":["https:\/\/www.staynordic.se\/inspiration\/ny-uppstickare-inom-stuguthyrning\/"]}]},{"@type":"ImageObject","inLanguage":"sv-SE","@id":"https:\/\/www.staynordic.se\/inspiration\/ny-uppstickare-inom-stuguthyrning\/#primaryimage","url":"https:\/\/www.staynordic.se\/inspiration\/wp-content\/uploads\/2022\/01\/medel-fredrik-ohlander-TauLSnWr23k-unsplash.jpg","contentUrl":"https:\/\/www.staynordic.se\/inspiration\/wp-content\/uploads\/2022\/01\/medel-fredrik-ohlander-TauLSnWr23k-unsplash.jpg","width":2412,"height":1608},{"@type":"BreadcrumbList","@id":"https:\/\/www.staynordic.se\/inspiration\/ny-uppstickare-inom-stuguthyrning\/#breadcrumb","itemListElement":[{"@type":"ListItem","position":1,"name":"Home","item":"https:\/\/www.staynordic.se\/inspiration\/"},{"@type":"ListItem","position":2,"name":"Ny svensk uppstickare inom stuguthyrning med svenska hus\u00e4gare som huvudfokus"}]},{"@type":"WebSite","@id":"https:\/\/www.staynordic.se\/inspiration\/#website","url":"https:\/\/www.staynordic.se\/inspiration\/","name":"Blog","description":"StayNordic","potentialAction":[{"@type":"SearchAction","target":{"@type":"EntryPoint","urlTemplate":"https:\/\/www.staynordic.se\/inspiration\/?s={search_term_string}"},"query-input":{"@type":"PropertyValueSpecification","valueRequired":true,"valueName":"search_term_string"}}],"inLanguage":"sv-SE"},{"@type":"Person","@id":"https:\/\/www.staynordic.se\/inspiration\/#\/schema\/person\/9c3033dcb184153f9d6ef97581f873aa","name":"staynordic","image":{"@type":"ImageObject","inLanguage":"sv-SE","@id":"https:\/\/secure.gravatar.com\/avatar\/296a1c76b74beb4ff0d8c110f864c6e9ad0452ac2749bca077a5432a9d7fb4f9?s=96&d=mm&r=g","url":"https:\/\/secure.gravatar.com\/avatar\/296a1c76b74beb4ff0d8c110f864c6e9ad0452ac2749bca077a5432a9d7fb4f9?s=96&d=mm&r=g","contentUrl":"https:\/\/secure.gravatar.com\/avatar\/296a1c76b74beb4ff0d8c110f864c6e9ad0452ac2749bca077a5432a9d7fb4f9?s=96&d=mm&r=g","caption":"staynordic"},"url":"https:\/\/www.staynordic.se\/inspiration\/author\/staynordic\/"}]}},"_links":{"self":[{"href":"https:\/\/www.staynordic.se\/inspiration\/wp-json\/wp\/v2\/posts\/61","targetHints":{"allow":["GET"]}}],"collection":[{"href":"https:\/\/www.staynordic.se\/inspiration\/wp-json\/wp\/v2\/posts"}],"about":[{"href":"https:\/\/www.staynordic.se\/inspiration\/wp-json\/wp\/v2\/types\/post"}],"author":[{"embeddable":true,"href":"https:\/\/www.staynordic.se\/inspiration\/wp-json\/wp\/v2\/users\/2"}],"replies":[{"embeddable":true,"href":"https:\/\/www.staynordic.se\/inspiration\/wp-json\/wp\/v2\/comments?post=61"}],"version-history":[{"count":10,"href":"https:\/\/www.staynordic.se\/inspiration\/wp-json\/wp\/v2\/posts\/61\/revisions"}],"predecessor-version":[{"id":234,"href":"https:\/\/www.staynordic.se\/inspiration\/wp-json\/wp\/v2\/posts\/61\/revisions\/234"}],"wp:featuredmedia":[{"embeddable":true,"href":"https:\/\/www.staynordic.se\/inspiration\/wp-json\/wp\/v2\/media\/206"}],"wp:attachment":[{"href":"https:\/\/www.staynordic.se\/inspiration\/wp-json\/wp\/v2\/media?parent=61"}],"wp:term":[{"taxonomy":"category","embeddable":true,"href":"https:\/\/www.staynordic.se\/inspiration\/wp-json\/wp\/v2\/categories?post=61"},{"taxonomy":"post_tag","embeddable":true,"href":"https:\/\/www.staynordic.se\/inspiration\/wp-json\/wp\/v2\/tags?post=61"}],"curies":[{"name":"wp","href":"https:\/\/api.w.org\/{rel}","templated":true}]}}